{"items":[{"id":"300","pubtime":"2 meses 2 d\u00edas..","author":{"name":"AUT","url":"perfil2\/index\/204647","image":"https:\/\/tenis-integrado-prod.s3.amazonaws.com\/sync-prod\/\/id204647\/fotos\/avatar.jpg"},"title":"Uruguay conoce a sus rivales en la Billie Jean King Cup","text":"<p>Nuestra selec\n<\/p>","link":"posts\/detalhe\/300","images":["https:\/\/tenis-integrado-prod.s3.amazonaws.com\/sync-prod\/\/id204647\/galerias\/thumb_id300_260702110811127813.png"]},{"id":"299","pubtime":"2 meses 2 d\u00edas..","author":{"name":"AUT","url":"perfil2\/index\/204647","image":"https:\/\/tenis-integrado-prod.s3.amazonaws.com\/sync-prod\/\/id204647\/fotos\/avatar.jpg"},"title":"Juegos Parasuramericanos 2026","text":"<p>El tenis uruguayo estar\u00e1 presente en una nueva cita internacional con la participaci\u00f3n de Agust\u00edn Marengo y Luciano Varela en los Juegos Parasuramericanos 2026, quienes ser\u00e1n los representantes nacionales en esta importante&#8230;<\/p>","link":"posts\/detalhe\/299","images":["https:\/\/tenis-integrado-prod.s3.amazonaws.com\/sync-prod\/\/id204647\/galerias\/thumb_id299_260630094456446582.png","https:\/\/tenis-integrado-prod.s3.amazonaws.com\/sync-prod\/\/id204647\/galerias\/thumb_id299_26063009450525658.png"]},{"id":"297","pubtime":"2 meses 3 d\u00edas..","author":{"name":"AUT","url":"perfil2\/index\/204647","image":"https:\/\/tenis-integrado-prod.s3.amazonaws.com\/sync-prod\/\/id204647\/fotos\/avatar.jpg"},"title":"Sudamericano Sub 12 | El seleccionado femenino obtuvo un hist\u00f3rico cuarto puesto","text":"<p>Uruguay fue parte de una nueva edici\u00f3n del Sudamericano Sub 12 disputado en Santa Cruz, Bolivia, una importante instancia internacional que reuni\u00f3 a las mejores selecciones de la regi\u00f3n y donde nuestros equipos representaron&#8230;<\/p>","link":"posts\/detalhe\/297","images":["https:\/\/tenis-integrado-prod.s3.amazonaws.com\/sync-prod\/\/id204647\/galerias\/thumb_id297_260629105251646593.png","https:\/\/tenis-integrado-prod.s3.amazonaws.com\/sync-prod\/\/id204647\/galerias\/thumb_id297_260629105314919297.png"]},{"id":"298","pubtime":"2 meses 8 d\u00edas..","author":{"name":"AUT","url":"perfil2\/index\/204647","image":"https:\/\/tenis-integrado-prod.s3.amazonaws.com\/sync-prod\/\/id204647\/fotos\/avatar.jpg"},"title":"Un hecho hist\u00f3rico para el tenis uruguayo: Franco Roncadelli debut\u00f3 en Wimbledon","text":"<p>Franco Roncadelli vivi\u00f3 un momento hist\u00f3rico para su carrera y para el tenis uruguayo al disputar por primera vez un torneo de Grand Slam. El jugador uruguayo hizo su debut en la clasificaci\u00f3n de Wimbledon, pisando el c\u00e9sped&#8230;<\/p>","link":"posts\/detalhe\/298","images":["https:\/\/tenis-integrado-prod.s3.amazonaws.com\/sync-prod\/\/id204647\/galerias\/thumb_id298_260629142436163218.png","https:\/\/tenis-integrado-prod.s3.amazonaws.com\/sync-prod\/\/id204647\/galerias\/thumb_id298_260629142506335348.png"]},{"id":"296","pubtime":"2 meses 11 d\u00edas..","author":{"name":"AUT","url":"perfil2\/index\/204647","image":"https:\/\/tenis-integrado-prod.s3.amazonaws.com\/sync-prod\/\/id204647\/fotos\/avatar.jpg"},"title":"\u00a1Primer t\u00edtulo ATP Challenger para Joaco Aguilar!","text":"<p>Tras varios meses fuera del circuito por lesi\u00f3n, Joaqu\u00edn Aguilar volvi\u00f3 a competir con todo y se consagr\u00f3 campe\u00f3n de dobles junto al argentino Santiago de la Fuente en el CIT Open, torneo correspondiente al circuito ATP&#8230;<\/p>","link":"posts\/detalhe\/296","images":["https:\/\/tenis-integrado-prod.s3.amazonaws.com\/sync-prod\/\/id204647\/galerias\/thumb_id296_260621121055396472.jpg"]},{"id":"295","pubtime":"2 meses 14 d\u00edas..","author":{"name":"AUT","url":"perfil2\/index\/204647","image":"https:\/\/tenis-integrado-prod.s3.amazonaws.com\/sync-prod\/\/id204647\/fotos\/avatar.jpg"},"title":"Billie Jean King Cup 2026","text":"<p>La selecci\u00f3n uruguaya de tenis ya tiene definido el plantel que representar\u00e1 al pa\u00eds en la Billie Jean King Cup 2026, la m\u00e1xima competencia internacional por equipos del tenis femenino.El equipo celeste estar\u00e1 integrado&#8230;<\/p>","link":"posts\/detalhe\/295","images":["https:\/\/tenis-integrado-prod.s3.amazonaws.com\/sync-prod\/\/id204647\/galerias\/thumb_id295_260618121545953795.png"]},{"id":"294","pubtime":"2 meses 22 d\u00edas..","author":{"name":"AUT","url":"perfil2\/index\/204647","image":"https:\/\/tenis-integrado-prod.s3.amazonaws.com\/sync-prod\/\/id204647\/fotos\/avatar.jpg"},"title":"Delegaci\u00f3n Uruguaya | Sudamericano Sub 12","text":"<p>La Asociaci\u00f3n Uruguaya de Tenis tiene el agrado de comunicar la selecci\u00f3n de los equipos que representar\u00e1n al pa\u00eds en el Campeonato Sudamericano de lacategor\u00eda 12 a\u00f1os, a disputarse del 20 al 28 de junio en Santa Cruz, Bolivia.\u00a0La&#8230;<\/p>","link":"posts\/detalhe\/294","images":["https:\/\/tenis-integrado-prod.s3.amazonaws.com\/sync-prod\/\/id204647\/galerias\/thumb_id294_260610113427416362.jpg"]},{"id":"292","pubtime":"3 meses 7 d\u00edas..","author":{"name":"AUT","url":"perfil2\/index\/204647","image":"https:\/\/tenis-integrado-prod.s3.amazonaws.com\/sync-prod\/\/id204647\/fotos\/avatar.jpg"},"title":"COPA INTERCLUBES 2026 | INICIO DE LA FASE 1","text":"<p>El pasado 23 y 24 de mayo se disput\u00f3 la primera instancia de la Fase 1 de la Copa Interclubes 2026, dando comienzo a una nueva edici\u00f3n de una de las competencias m\u00e1s representativas y esperadas de nuestro calendario nacional.Nos&#8230;<\/p>","link":"posts\/detalhe\/292","images":["https:\/\/tenis-integrado-prod.s3.amazonaws.com\/sync-prod\/\/id204647\/galerias\/thumb_id292_260526113648701630.JPG","https:\/\/tenis-integrado-prod.s3.amazonaws.com\/sync-prod\/\/id204647\/galerias\/thumb_id292_260526113657228002.JPG"]},{"id":"287","pubtime":"3 meses 15 d\u00edas..","author":{"name":"AUT","url":"perfil2\/index\/204647","image":"https:\/\/tenis-integrado-prod.s3.amazonaws.com\/sync-prod\/\/id204647\/fotos\/avatar.jpg"},"title":"Capacitaci\u00f3n Nivel 1 ITF de Preparaci\u00f3n F\u00edsica","text":"<p>Finaliz\u00f3 con \u00e9xito la capacitaci\u00f3n Nivel 1 ITF de Preparaci\u00f3n F\u00edsica llevada a cabo del 14 al 17 de mayo. Esta fue una gran instancia de formaci\u00f3n y aprendizaje para entrenadores, profesores y estudiantes vinculados al tenis&#8230;<\/p>","link":"posts\/detalhe\/287","images":["https:\/\/tenis-integrado-prod.s3.amazonaws.com\/sync-prod\/\/id204647\/galerias\/thumb_id287_260518094008410230.png","https:\/\/tenis-integrado-prod.s3.amazonaws.com\/sync-prod\/\/id204647\/galerias\/thumb_id287_260518094011623897.png"]},{"id":"291","pubtime":"3 meses 16 d\u00edas..","author":{"name":"AUT","url":"perfil2\/index\/204647","image":"https:\/\/tenis-integrado-prod.s3.amazonaws.com\/sync-prod\/\/id204647\/fotos\/avatar.jpg"},"title":"Circuito Nacional Crufi de Beach Tennis | Sexta Etapa","text":"<p>El pasado 16 y 17 de mayo se disput\u00f3 la 6\u00aa y \u00faltima etapa de la temporada 2025\/2026 del Circuito Nacional Crufi de Beach Tennis, organizada por la Asociaci\u00f3n Uruguaya de Tenis junto a Beach Tennis Uruguay. La competencia&#8230;<\/p>","link":"posts\/detalhe\/291","images":["https:\/\/tenis-integrado-prod.s3.amazonaws.com\/sync-prod\/\/id204647\/galerias\/thumb_id291_260526102516948069.png"]}],"page":"1"}